{"id":10,"date":"2013-06-24T15:15:00","date_gmt":"2013-06-24T21:15:00","guid":{"rendered":"https:\/\/jerson.org\/blog\/?p=10"},"modified":"2014-11-04T19:39:08","modified_gmt":"2014-11-05T01:39:08","slug":"no-destruyamos-con-una-mano-lo-que-tanto-ha-costado-hacer-con-la-otra","status":"publish","type":"post","link":"https:\/\/jerson.org\/blog\/no-destruyamos-con-una-mano-lo-que-tanto-ha-costado-hacer-con-la-otra\/","title":{"rendered":"No destruyamos con una mano, lo que tanto ha costado hacer con la otra."},"content":{"rendered":"<div style=\"text-align: justify;\">Sigo a\u00fan conmocionado por las im\u00e1genes y los relatos de algunas de las personas golpeadas, vejadas y aterrorizadas por individuos que no tuvieron el valor de dar sus caras mientras agred\u00edan a los j\u00f3venes universitarios que, con valent\u00eda y sin intereses pol\u00edticos de por medio, apoyan las justas causas de los adultos mayores, quienes todav\u00eda hoy, protestan en los alrededores del INSS. <\/div>\n<div style=\"text-align: justify;\"><\/div>\n<div style=\"text-align: justify;\">Tras ver una de las im\u00e1genes m\u00e1s fuertes captadas en esta protesta, en la que un polic\u00eda, en un estado de paroxismo demencial, agrede verbalmente a una anciana, no pude sentir m\u00e1s que verg\u00fcenza.<\/div>\n<div style=\"text-align: justify;\"><\/div>\n<div style=\"text-align: justify;\">Ese tipo de actos de salvajismo y barbarie, no deben ser ni aceptados ni aplaudidos por nadie en nuestra sociedad.&nbsp; Hacerlo ser\u00eda estar cultivando los g\u00e9rmenes de una enfermiza mentalidad excluyente e inhumana, muy fielmente representada y sostenida por lo que alguna vez fueran los estados fascistas.<\/div>\n<div style=\"text-align: justify;\"><\/div>\n<div style=\"text-align: justify;\">Por otro lado, los medios de comunicaci\u00f3n del gobierno, por un elemental sentido del respeto a sus propios militantes sandinistas, est\u00e1n obligados a no seguir manipulando las informaciones, tratando de descalificar a la demanda de los ancianos, como producto de supuestos planes de la derecha para desestabilizar al pa\u00eds.<\/div>\n<div style=\"text-align: justify;\"><\/div>\n<div style=\"text-align: justify;\">Un pa\u00eds podr\u00e1 ser estable solamente si los derechos de cada quien son verdaderamente respetados; de lo contrario estaremos en una eterna lucha interior, que no dejar\u00e1 m\u00e1s que perdedores y resentimientos que pueden durar por generaciones.<\/div>\n<div style=\"text-align: justify;\"><\/div>\n<div style=\"text-align: justify;\">A pesar de los esfuerzos que ciertamente hace el gobierno en los programas sociales que impulsan, su dirigencia pol\u00edtica y sus autoridades deben entender de una vez por todas, que su obligaci\u00f3n es proteger los derechos de TODOS sus ciudadanos por igual.<\/div>\n<div style=\"text-align: justify;\"><\/div>\n<div style=\"text-align: justify;\">Y que la violencia, venga de donde venga, solamente crear\u00e1 dolor y pobreza.<\/div>\n<div style=\"text-align: justify;\"><\/div>\n<div style=\"text-align: justify;\">No destruyamos con una mano, lo que tanto ha costado hacer con la otra. Nicaragua solo hay una, cuid\u00e9mosla.<\/div>\n","protected":false},"excerpt":{"rendered":"<p>Sigo a\u00fan conmocionado por las im\u00e1genes y los relatos de algunas de las personas golpeadas, vejadas y aterrorizadas por individuos que no tuvieron el valor de dar sus caras mientras agred\u00edan a los j\u00f3venes universitarios que, con valent\u00eda y sin intereses pol\u00edticos de por medio, apoyan las justas causas de los adultos mayores, quienes todav\u00eda&#8230;<\/p>\n","protected":false},"author":1,"featured_media":0,"comment_status":"open","ping_status":"closed","sticky":false,"template":"","format":"standard","meta":{"footnotes":""},"categories":[12],"tags":[],"class_list":["post-10","post","type-post","status-publish","format-standard","hentry","category-ideas-sueltas"],"_links":{"self":[{"href":"https:\/\/jerson.org\/blog\/wp-json\/wp\/v2\/posts\/10","targetHints":{"allow":["GET"]}}],"collection":[{"href":"https:\/\/jerson.org\/blog\/wp-json\/wp\/v2\/posts"}],"about":[{"href":"https:\/\/jerson.org\/blog\/wp-json\/wp\/v2\/types\/post"}],"author":[{"embeddable":true,"href":"https:\/\/jerson.org\/blog\/wp-json\/wp\/v2\/users\/1"}],"replies":[{"embeddable":true,"href":"https:\/\/jerson.org\/blog\/wp-json\/wp\/v2\/comments?post=10"}],"version-history":[{"count":1,"href":"https:\/\/jerson.org\/blog\/wp-json\/wp\/v2\/posts\/10\/revisions"}],"predecessor-version":[{"id":37,"href":"https:\/\/jerson.org\/blog\/wp-json\/wp\/v2\/posts\/10\/revisions\/37"}],"wp:attachment":[{"href":"https:\/\/jerson.org\/blog\/wp-json\/wp\/v2\/media?parent=10"}],"wp:term":[{"taxonomy":"category","embeddable":true,"href":"https:\/\/jerson.org\/blog\/wp-json\/wp\/v2\/categories?post=10"},{"taxonomy":"post_tag","embeddable":true,"href":"https:\/\/jerson.org\/blog\/wp-json\/wp\/v2\/tags?post=10"}],"curies":[{"name":"wp","href":"https:\/\/api.w.org\/{rel}","templated":true}]}}